{"id":9115,"date":"2020-11-26T11:09:19","date_gmt":"2020-11-26T09:09:19","guid":{"rendered":"https:\/\/www.sarisarkomaa.fi\/?p=9115"},"modified":"2020-11-26T11:09:22","modified_gmt":"2020-11-26T09:09:22","slug":"kokoomuksen-sarkomaa-murentaako-vasemmistovihrea-ideologia-kansanterveytemme%ef%bb%bf","status":"publish","type":"post","link":"https:\/\/www.sarisarkomaa.fi\/?p=9115","title":{"rendered":"Kokoomuksen Sarkomaa: Murentaako vasemmistovihre\u00e4 ideologia kansanterveytemme?\ufeff"},"content":{"rendered":"\n<p>Tiedote 26.11.2020<\/p>\n\n\n\n<p>Julkaisuvapaa heti<br><\/p>\n\n\n\n<p>Kokoomuksen\nkansanedustaja ja eduskuntaryhm\u00e4n varapuheenjohtaja&nbsp;<strong>Sari Sarkomaa<\/strong>&nbsp;kehottaa\nhallitusta her\u00e4\u00e4m\u00e4\u00e4n ihmisten h\u00e4t\u00e4\u00e4n ja vaikeuteen saada tarvitsemiaan\nterveyspalveluja. Julkisen terveydenhuollon kuormitus on\nvaltava&nbsp;koronan&nbsp;toisen aallon hy\u00f6kyess\u00e4 p\u00e4\u00e4lle. Koronan aiheuttamat\nhoitoonp\u00e4\u00e4syn&nbsp;ongelmat ovat vaarassa sairastuttaa&nbsp;ja aiheuttaa\nenemm\u00e4n ennenaikaisia kuolemia kuin koronaepidemia.&nbsp;Sarkomaa vetoaa\nvasemmistovihre\u00e4\u00e4n hallitukseen, jotta se voittaisi vastahankaisuutensa\nyritt\u00e4jyytt\u00e4 kohtaan&nbsp;eik\u00e4 antaisi ideologian&nbsp;murentaa\nkansanterveytt\u00e4mme.&nbsp;<\/p>\n\n\n\n<p>\u201dKoronaepidemia\non kerrytt\u00e4nyt hoitovelan, jonka purkaminen ei onnistu ilman yksityisten\nterveystoimijoiden ty\u00f6panosta. Kansanterveyden pelastamiseksi ja julkisen\nsektorin ty\u00f6taakan kohtuullistamiseksi on j\u00e4rkev\u00e4\u00e4 korottaa Kela-korvausta.\nHoitojonojen purkamisessa on&nbsp;hy\u00f6dynnett\u00e4v\u00e4 kaikki saatavilla olevat\nvoimavarat.&nbsp;Erityisen t\u00e4rke\u00e4\u00e4 on nostaa suun terveydenhuollon\nKela-korvausta.&nbsp;Hallituksen\nvalmistelussa olevat toimet romuttaa Kela-korvaus ovat vastuuttomia ja ne on\nv\u00e4ltt\u00e4m\u00e4t\u00f6nt\u00e4 perua.&nbsp;Ihmiselle&nbsp;on t\u00e4rke\u00e4mp\u00e4\u00e4 se, ett\u00e4 palvelun saa, kuin mik\u00e4 taho palvelun\ntuottaa\u201d, Sarkomaa toteaa.<\/p>\n\n\n\n<p>Esimerkiksi\nHelsingiss\u00e4 terveysasemalle kiireett\u00f6m\u00e4n l\u00e4\u00e4k\u00e4riajan odotusaika on keskim\u00e4\u00e4rin\n28 p\u00e4iv\u00e4\u00e4. T\u00e4n\u00e4 vuonna&nbsp;Helsingiss\u00e4\non j\u00e4\u00e4nyt koronan takia hoitomatta noin 100 000 suun terveydenhuollon\nk\u00e4ynti\u00e4.&nbsp;<\/p>\n\n\n\n<p>\u201dSamaan aikaan&nbsp;Helsingiss\u00e4 vasemmistovihre\u00e4t kuntapoliitikot\novat vastustaneet palveluseteli\u00e4 piittaamatta jonoihin j\u00e4tetyist\u00e4 ihmisist\u00e4.\nOnneksi kokoomuksen ansiosta palveluseteleit\u00e4 saadaan joiltain osin\nhelpottamaan hoitoon p\u00e4\u00e4sy\u00e4. On mahdoton ymm\u00e4rt\u00e4\u00e4 palveluseteleiden ehdotonta\nvastustusta, varsinkin, kun moni p\u00e4\u00e4tt\u00e4jist\u00e4 itse k\u00e4ytt\u00e4\u00e4&nbsp;yksityisen\ntuottamaa&nbsp;ty\u00f6terveyshuoltoa&nbsp;\u201d, Sarkomaa sanoo.<\/p>\n\n\n\n<p>Hoitovelan\npurkamiseen on arvioitu kuluvan jopa vuosia. Odottaessa ja hoidon viipyess\u00e4\nuseimmat sairaudet ja vaivat vaikeutuvat.&nbsp;Sarkomaa on huolissaan, ett\u00e4 hoitamattomuuden&nbsp;seuraukset\nvoivat olla inhimillisesti ja kansanterveydellisesti tuhoisia.<\/p>\n\n\n\n<p>\u201dMiss\u00e4\novat hallituksen toimet ja suunnitelma, kun koronan takia hoitojonot ovat\nenn\u00e4tysmitoissa, niin perusterveydenhuollossa, erikoissairaanhoidossa kuin suun\nterveydenhuollossa? Ihmettelen hallituksen radiohiljaisuutta\nhoitojonotilanteesta. Mitk\u00e4 ovat hallituksen keinot puuttua jonoihin?\nEdellyt\u00e4n, ett\u00e4 hallitus ryhtyy viipym\u00e4tt\u00e4 toimiin yhdess\u00e4 terveystoimijoiden\nkanssa hoitojonojen purkamiseksi. Tarvitsemme kaikki sote-toimijat, julkisen\nsektorin lis\u00e4ksi yritykset ja kolmannen sektorin mukaan talkoisiin\u201d, Sarkomaa\nsanoo.<\/p>\n\n\n\n<p>Sarkomaa\nkantaa vahvaa huolta sote-alan henkil\u00f6st\u00f6n jaksamisesta&nbsp;koronakriisin\njatkuessa.&nbsp;<\/p>\n\n\n\n<p>\u201dJulkisen\nsektorin ty\u00f6ntekij\u00e4t ovat monin tavoin ylikuormittuneita koronan ja kertyneen\nhoitovelan takia.&nbsp;Henkil\u00f6st\u00f6 on ollut mukana korona j\u00e4ljityksess\u00e4 ja\nhoidossa lomia pit\u00e4m\u00e4tt\u00e4. Nyt toinen aalto hy\u00f6kyy p\u00e4\u00e4lle. Ottamalla mukaan\nurakointiin yksityinen sektori voidaan helpottaa julkisen sektorin henkil\u00f6st\u00f6n\nty\u00f6taakkaa\u201d, Sarkomaa sanoo.<\/p>\n\n\n\n<p>Lis\u00e4tietoja:<\/p>\n\n\n\n<p>Sari Sarkomaa, 050 511 3033<\/p>\n","protected":false},"excerpt":{"rendered":"<p>Tiedote 26.11.2020 Julkaisuvapaa heti Kokoomuksen kansanedustaja ja eduskuntaryhm\u00e4n varapuheenjohtaja&nbsp;Sari Sarkomaa&nbsp;kehottaa hallitusta her\u00e4\u00e4m\u00e4\u00e4n ihmisten h\u00e4t\u00e4\u00e4n ja vaikeuteen saada tarvitsemiaan terveyspalveluja. Julkisen terveydenhuollon kuormitus on valtava&nbsp;koronan&nbsp;toisen aallon hy\u00f6kyess\u00e4 p\u00e4\u00e4lle. Koronan aiheuttamat hoitoonp\u00e4\u00e4syn&nbsp;ongelmat ovat vaarassa sairastuttaa&nbsp;ja aiheuttaa enemm\u00e4n ennenaikaisia kuolemia kuin koronaepidemia.&nbsp;Sarkomaa vetoaa vasemmistovihre\u00e4\u00e4n hallitukseen, jotta se voittaisi vastahankaisuutensa yritt\u00e4jyytt\u00e4 kohtaan&nbsp;eik\u00e4 antaisi ideologian&nbsp;murentaa kansanterveytt\u00e4mme.&nbsp; \u201dKoronaepidemia on kerrytt\u00e4nyt hoitovelan, <a href=\"https:\/\/www.sarisarkomaa.fi\/?p=9115\" class=\"more-link\">...jatka lukemista<span class=\"screen-reader-text\"> \"Kokoomuksen Sarkomaa: Murentaako vasemmistovihre\u00e4 ideologia kansanterveytemme?\ufeff\"<\/span><\/a><\/p>\n","protected":false},"author":1,"featured_media":0,"comment_status":"closed","ping_status":"open","sticky":false,"template":"","format":"standard","meta":[],"categories":[4],"tags":[],"_links":{"self":[{"href":"https:\/\/www.sarisarkomaa.fi\/index.php?rest_route=\/wp\/v2\/posts\/9115"}],"collection":[{"href":"https:\/\/www.sarisarkomaa.fi\/index.php?rest_route=\/wp\/v2\/posts"}],"about":[{"href":"https:\/\/www.sarisarkomaa.fi\/index.php?rest_route=\/wp\/v2\/types\/post"}],"author":[{"embeddable":true,"href":"https:\/\/www.sarisarkomaa.fi\/index.php?rest_route=\/wp\/v2\/users\/1"}],"replies":[{"embeddable":true,"href":"https:\/\/www.sarisarkomaa.fi\/index.php?rest_route=%2Fwp%2Fv2%2Fcomments&post=9115"}],"version-history":[{"count":1,"href":"https:\/\/www.sarisarkomaa.fi\/index.php?rest_route=\/wp\/v2\/posts\/9115\/revisions"}],"predecessor-version":[{"id":9116,"href":"https:\/\/www.sarisarkomaa.fi\/index.php?rest_route=\/wp\/v2\/posts\/9115\/revisions\/9116"}],"wp:attachment":[{"href":"https:\/\/www.sarisarkomaa.fi\/index.php?rest_route=%2Fwp%2Fv2%2Fmedia&parent=9115"}],"wp:term":[{"taxonomy":"category","embeddable":true,"href":"https:\/\/www.sarisarkomaa.fi\/index.php?rest_route=%2Fwp%2Fv2%2Fcategories&post=9115"},{"taxonomy":"post_tag","embeddable":true,"href":"https:\/\/www.sarisarkomaa.fi\/index.php?rest_route=%2Fwp%2Fv2%2Ftags&post=9115"}],"curies":[{"name":"wp","href":"https:\/\/api.w.org\/{rel}","templated":true}]}}