{"id":9206,"date":"2021-01-14T10:57:06","date_gmt":"2021-01-14T08:57:06","guid":{"rendered":"https:\/\/www.sarisarkomaa.fi\/?p=9206"},"modified":"2021-01-14T10:57:08","modified_gmt":"2021-01-14T08:57:08","slug":"vasemmistovihrean-hallituksen-karvas-uuden-vuoden-lahja-entista-kireammat-verot-palkasta-ja-elakkeesta","status":"publish","type":"post","link":"https:\/\/www.sarisarkomaa.fi\/?p=9206","title":{"rendered":"Vasemmistovihre\u00e4n hallituksen karvas uuden vuoden lahja: entist\u00e4 kire\u00e4mm\u00e4t verot palkasta ja el\u00e4kkeest\u00e4"},"content":{"rendered":"\n<p>Tulevana uutena vuotena 2021 kaikkein eniten kiristyy pienituloisten verotus. Kiristyksi\u00e4 on luvassa yht\u00e4lailla muiden palkansaajien ja el\u00e4kel\u00e4isten verotukseen. T\u00e4m\u00e4 paljastuu Elinkeinoel\u00e4m\u00e4n valtuuskunta EVA:n verokoneen laskelmista.<\/p>\n\n\n\n<p>Moni el\u00e4\u00e4 paljon tiukemmalla kuin vuosi sitten. Ennest\u00e4\u00e4n piinaavan korkean verotuksen lis\u00e4kiristys leikkaa niin palkansaajien kuin el\u00e4kkeensaajien k\u00e4teen j\u00e4\u00e4v\u00e4\u00e4 tuloa. Moni suomalainen tuskailee kysyen, eik\u00f6 mik\u00e4\u00e4n m\u00e4\u00e4r\u00e4 veroja riit\u00e4?<\/p>\n\n\n\n<p>Vasemmistovihre\u00e4n hallituksen hellim\u00e4t veronkiristykset ovat vakava virhe, myrkky\u00e4 uusien ty\u00f6paikkojen syntymiselle sek\u00e4 talouden elpymiselle.<\/p>\n\n\n\n<p>Suomalaisten keskituloiset maksavat jo nyt monta prosenttiyksikk\u00f6\u00e4 enemm\u00e4n veroa kuin keskim\u00e4\u00e4rin muissa Euroopan maissa. Lis\u00e4ansioista rangaistaan viel\u00e4kin ankarammin. T\u00e4st\u00e4 piittaamatta hallitus laittaa kotitaloudet entist\u00e4 tiukemmalle keskell\u00e4 koronakriisi\u00e4 ja talouden taantumaa.<\/p>\n\n\n\n<p>Verotuksessa viisas periaate on, ett\u00e4 verotetaan v\u00e4hemm\u00e4n sit\u00e4, mit\u00e4 halutaan enemm\u00e4n ja enemm\u00e4n sit\u00e4, mit\u00e4 halutaan v\u00e4hemm\u00e4n. Tehdyst\u00e4 ty\u00f6st\u00e4 &nbsp;ja ahkeruudesta rankaiseminen on terveen j\u00e4rjen vastaista \u2013 erityisesti nyt, kun talous on koronakuopan pohjalla.&nbsp;<\/p>\n\n\n\n<p>Esitimme Kokoomuksen vaihtoehtobudjetissa 800 miljoonan euron veronkevennyksi\u00e4. Esityksemme my\u00f6t\u00e4 palkansaajille ja el\u00e4kel\u00e4isille j\u00e4isi satoja euroa enemm\u00e4n k\u00e4teen verojen j\u00e4lkeen.<\/p>\n\n\n\n<p>Esitimme my\u00f6s hallituksen leikkauksen sijaan kotitalousv\u00e4hennyksen kaksinkertaistamista, senioreiden superkotitalousv\u00e4hennyst\u00e4 sek\u00e4 kotitalousv\u00e4hennyksen omavastuuosuuksien poistamista.<\/p>\n\n\n\n<p>Matkailu- ja ravintola-ala ovat k\u00e4rsineet rajusti koronasta. Kokoomus laskisi ravintola-anniskelun arvonlis\u00e4vero 14 prosenttiin. N\u00e4in voitaisiin tukea ty\u00f6paikkojen s\u00e4ilymist\u00e4 alalla.<\/p>\n\n\n\n<p>Vaihtoehtobudjetissamme oli my\u00f6s esitykset 120 000 uuden ty\u00f6llisen saamiseksi ja miljardin v\u00e4hemm\u00e4n velkaantumista.&nbsp;<a href=\"https:\/\/www.kokoomus.fi\/toivon-polku-kokoomuksen-vaihtoehtobudjetti\/\">Toivon polku: kokoomuksen vaihtoehtobudjetti 2021<\/a><\/p>\n\n\n\n<p>Kokoomuksen eduskuntaryhm\u00e4ss\u00e4 emme pelk\u00e4\u00e4 antaa ihmisille enemm\u00e4n mahdollisuuksia p\u00e4\u00e4tt\u00e4\u00e4 ansaitsemistaan euroista. Taloudelle on annettava tilaa toipua. Valtion ei todellakaan tarvitse p\u00e4\u00e4tt\u00e4\u00e4 kaikkea ihmisten puolesta.<\/p>\n\n\n\n<p>Vasemmistovihre\u00e4 hallitus elvytt\u00e4\u00e4 taloutta poikkeuksellisen vasemmistolaisesti. Velkaa otetaan mittavasti ja julkisia menoja lis\u00e4t\u00e4\u00e4n, mutta ihmisten, palkansaajien, yritt\u00e4jien ja el\u00e4kel\u00e4isten tuloja leikataan.<\/p>\n\n\n\n<p>Veronkevennykset toisivat kotitalouksille lis\u00e4\u00e4 ostovoimaa. Niin, ett\u00e4 ihmiset saisivat enemm\u00e4n mahdollisuuksia, kun palkasta ja el\u00e4kkeest\u00e4 j\u00e4isi enemm\u00e4n k\u00e4teen. Se on hyv\u00e4 tapa elvytt\u00e4\u00e4, niin Ruotsissa tehd\u00e4\u00e4n ja muualla Euroopassa.&nbsp;My\u00f6s Suomen Pankki on nostanut esille veronalennukset ja todennut niiden my\u00f6nteisten vaikutusten elvytystoimena olevan pitk\u00e4kestoisempia ja kest\u00e4v\u00e4mpi\u00e4 kuin menoelvytys.&nbsp;<\/p>\n\n\n\n<p>Useissa Eurooopan maissa veronkevennykset on todettu toimivaksi talouden elvytyskeinoksi. Veroelvytys on nostettu menoelvytyksen rinnalle. Molempia tarvitaan my\u00f6s Suomessa.<\/p>\n\n\n\n<p>Esimerkiksi Saksassa ravintoloiden arvonlis\u00e4veroa laskettiin jo hein\u00e4kuussa vuodeksi. Ruotsissa puolestaan toteutettiin ymp\u00e4rist\u00f6puolueen, sosiaalidemokraattien ja keskustapuolueen yhteisty\u00f6ll\u00e4 miljardien pysyv\u00e4t ty\u00f6n verotuksen kevennykset. Kotitalousv\u00e4hennyst\u00e4 nostettiin merkitt\u00e4v\u00e4sti ja lis\u00e4ttiin my\u00f6s siten ihmisten ostovoimaa sek\u00e4 uusia ty\u00f6paikkoja. Ilmeisen ideologisista syist\u00e4 hallitus ajaa Suomea t\u00e4ysin toiseen ja aivan v\u00e4\u00e4r\u00e4\u00e4n suuntaan.<\/p>\n\n\n\n<p>Suunnan muutosta tarvitaan. Palkasta ja el\u00e4kkeest\u00e4 pit\u00e4isi j\u00e4\u00e4d\u00e4 k\u00e4teen niin, ett\u00e4 se riitt\u00e4\u00e4 muuhunkin kuin aivan v\u00e4ltt\u00e4m\u00e4tt\u00f6m\u00e4\u00e4n.<\/p>\n\n\n\n<p>Koronaepidemia on mullistanut maailmaa mutta se ei muutu, ett\u00e4 hyvinvointiyhteiskuntamme t\u00e4rke\u00e4t palvelut ja sosiaaliturva rahoitetaan ty\u00f6ll\u00e4. Eik\u00e4 se, ett\u00e4 ty\u00f6tt\u00f6myys on ihmiselle yksi el\u00e4m\u00e4n viheli\u00e4isimpi\u00e4 ongelmia. Ensi vuodelle toivon hyv\u00e4\u00e4 yhteisty\u00f6t\u00e4 sen eteen, ett\u00e4 suomalaisilla olisi ty\u00f6t\u00e4.<\/p>\n\n\n\n<p>Ty\u00f6t\u00e4ni kansanedustajana voi seurata vastaanottamalla eduskuntaterveiseni, joissa kerron ajankohtaisista politiikan kuulumisista. Kirjeen voit tilata l\u00e4hett\u00e4m\u00e4ll\u00e4 minulle s\u00e4hk\u00f6postia&nbsp;<a href=\"mailto:sari.sarkomaa@eduskunta.fi\">sari.sarkomaa@eduskunta.fi<\/a>. Tai soittamalla&nbsp;<a href=\"tel:050%20511%203033\">050 511 3033<\/a>.<\/p>\n\n\n\n<p>Ajatukset ja terveiset ovat aina tervetulleita.<\/p>\n\n\n\n<p>Sari Sarkomaa<\/p>\n\n\n\n<p>helsinkil\u00e4inen kansanedustaja<\/p>\n\n\n\n<p>eduskuntaryhm\u00e4n varapuheenjohtaja<\/p>\n","protected":false},"excerpt":{"rendered":"<p>Tulevana uutena vuotena 2021 kaikkein eniten kiristyy pienituloisten verotus. Kiristyksi\u00e4 on luvassa yht\u00e4lailla muiden palkansaajien ja el\u00e4kel\u00e4isten verotukseen. T\u00e4m\u00e4 paljastuu Elinkeinoel\u00e4m\u00e4n valtuuskunta EVA:n verokoneen laskelmista. Moni el\u00e4\u00e4 paljon tiukemmalla kuin vuosi sitten. Ennest\u00e4\u00e4n piinaavan korkean verotuksen lis\u00e4kiristys leikkaa niin palkansaajien kuin el\u00e4kkeensaajien k\u00e4teen j\u00e4\u00e4v\u00e4\u00e4 tuloa. Moni suomalainen tuskailee kysyen, eik\u00f6 mik\u00e4\u00e4n m\u00e4\u00e4r\u00e4 veroja riit\u00e4? Vasemmistovihre\u00e4n <a href=\"https:\/\/www.sarisarkomaa.fi\/?p=9206\" class=\"more-link\">...jatka lukemista<span class=\"screen-reader-text\"> \"Vasemmistovihre\u00e4n hallituksen karvas uuden vuoden lahja: entist\u00e4 kire\u00e4mm\u00e4t verot palkasta ja el\u00e4kkeest\u00e4\"<\/span><\/a><\/p>\n","protected":false},"author":1,"featured_media":0,"comment_status":"closed","ping_status":"open","sticky":false,"template":"","format":"standard","meta":[],"categories":[8],"tags":[],"_links":{"self":[{"href":"https:\/\/www.sarisarkomaa.fi\/index.php?rest_route=\/wp\/v2\/posts\/9206"}],"collection":[{"href":"https:\/\/www.sarisarkomaa.fi\/index.php?rest_route=\/wp\/v2\/posts"}],"about":[{"href":"https:\/\/www.sarisarkomaa.fi\/index.php?rest_route=\/wp\/v2\/types\/post"}],"author":[{"embeddable":true,"href":"https:\/\/www.sarisarkomaa.fi\/index.php?rest_route=\/wp\/v2\/users\/1"}],"replies":[{"embeddable":true,"href":"https:\/\/www.sarisarkomaa.fi\/index.php?rest_route=%2Fwp%2Fv2%2Fcomments&post=9206"}],"version-history":[{"count":1,"href":"https:\/\/www.sarisarkomaa.fi\/index.php?rest_route=\/wp\/v2\/posts\/9206\/revisions"}],"predecessor-version":[{"id":9207,"href":"https:\/\/www.sarisarkomaa.fi\/index.php?rest_route=\/wp\/v2\/posts\/9206\/revisions\/9207"}],"wp:attachment":[{"href":"https:\/\/www.sarisarkomaa.fi\/index.php?rest_route=%2Fwp%2Fv2%2Fmedia&parent=9206"}],"wp:term":[{"taxonomy":"category","embeddable":true,"href":"https:\/\/www.sarisarkomaa.fi\/index.php?rest_route=%2Fwp%2Fv2%2Fcategories&post=9206"},{"taxonomy":"post_tag","embeddable":true,"href":"https:\/\/www.sarisarkomaa.fi\/index.php?rest_route=%2Fwp%2Fv2%2Ftags&post=9206"}],"curies":[{"name":"wp","href":"https:\/\/api.w.org\/{rel}","templated":true}]}}