{"id":9250,"date":"2021-02-01T11:11:20","date_gmt":"2021-02-01T09:11:20","guid":{"rendered":"https:\/\/www.sarisarkomaa.fi\/?p=9250"},"modified":"2021-02-01T11:43:24","modified_gmt":"2021-02-01T09:43:24","slug":"kokoomuksen-sarkomaa-ikaihmisten-palveluiden-jarjestamisessa-tarvitaan-myos-superkotitalousvahennysta%ef%bb%bf","status":"publish","type":"post","link":"https:\/\/www.sarisarkomaa.fi\/?p=9250","title":{"rendered":"Kokoomuksen Sarkomaa: Ik\u00e4ihmisten palveluiden j\u00e4rjest\u00e4misess\u00e4 tarvitaan my\u00f6s superkotitalousv\u00e4hennyst\u00e4\ufeff"},"content":{"rendered":"\n<p>Tiedote 30.1.21<\/p>\n\n\n\n<p>Julkaisuvapaa heti&nbsp;<\/p>\n\n\n\n<p><br>Kokoomuksen kansanedustaja ja eduskuntaryhm\u00e4n varapuheenjohtaja&nbsp;Sari Sarkomaa&nbsp;vetoaa, ett\u00e4 hallitus voittaisi vastenmielisyytens\u00e4 kotitalousv\u00e4hennyst\u00e4 kohtaan ja ottaisi kotitalousv\u00e4hennyksen kehitt\u00e4misen&nbsp;osaksi toimia, joilla palveluja parannetaan ik\u00e4ihmisten kotona asumisen ja omann\u00e4k\u00f6isen el\u00e4m\u00e4n mahdollistamiseksi. &nbsp;<\/p>\n\n\n\n<p>\u201dP\u00e4\u00e4ministeri Marin ei viime torstaina A-talkissa n\u00e4hnyt tarvetta kotitalousv\u00e4hennyksen kehitt\u00e4miselle. Marin n\u00e4ytti asettavan kunnallisen kotihoidon ja kotitalousv\u00e4hennyksen vastakkain. P\u00e4\u00e4ministerin puheet her\u00e4ttiv\u00e4t huolen, ettei vanhusten kotihoidon vakavaa tilannetta ole hallituksessa ymm\u00e4rretty. Kotona asuvien ik\u00e4ihmisten avun tarve on suuri ja siihen vastaamiseksi tarvitaan monia erilaisia keinoja\u201d,&nbsp;Sarkomaa sanoo.&nbsp;<\/p>\n\n\n\n<p>Sarkomaa muistuttaa, ett\u00e4 seniorit ovat hyvin moninainen joukko.<\/p>\n\n\n\n<p>\u201dVuosien kertyess\u00e4 moni tarvitsee apua ja tukea, mutta el\u00e4m\u00e4ntilanteet ovat erilaisia ja siksi&nbsp;tarvitaan&nbsp;vaihtoehtoja.<\/p>\n\n\n\n<p>&nbsp;Hyvinvointipalveluiden&nbsp;kehitt\u00e4misess\u00e4 on&nbsp;nykyist\u00e4 vahvemmin oltava l\u00e4ht\u00f6kohtana ihmisten yksil\u00f6lliset tarpeet. Sen sijaan, ett\u00e4 ideologisesti suljetaan pois keinoja, olisi niit\u00e4 aktiivisesti kehitett\u00e4v\u00e4 lis\u00e4\u00e4. Kotitalousv\u00e4hennys on monen seniorin kotona asumisen mahdollistaja sek\u00e4 itsem\u00e4\u00e4r\u00e4\u00e4misoikeuden vahvistaja. My\u00f6s pienituloisilla vanhuksilla pit\u00e4\u00e4 olla mahdollisuus hankkia itsevalitsemiaan kotona asumista tukevia palveluita ja siksi kokoomus on esitt\u00e4nyt superkotitalousv\u00e4hennyst\u00e4\u201d, Sarkomaa sanoo.<\/p>\n\n\n\n<p>\u201dPalveluiden tuottamiseen tarvitaan julkisen sektorin rinnalle yritykset, j\u00e4rjest\u00f6t sek\u00e4 muut toimijat. Kotitalousv\u00e4hennys on viisasta olla osa keinovalikoimaan.&nbsp;Hallituksen&nbsp;syyt\u00e4&nbsp;kuulla senioreita&nbsp;itse\u00e4\u00e4n. Kaikki el\u00e4keliitot, my\u00f6s vasemmistopuolueiden, ovat vaatineet hallituksen kotitalousv\u00e4hennysleikkauksen perumista ja senioreille korotettua v\u00e4hennyst\u00e4\u201d, Sarkomaa sanoo.<\/p>\n\n\n\n<p>Kotihoidossa olevat ihmiset ovat yh\u00e4 i\u00e4kk\u00e4\u00e4mpi\u00e4, huonokuntoisempia ja usein muistisairaita. Kotihoidon sairaanhoitajat ja l\u00e4hihoitajat ovat ylikuormitettuja. Omaishoitajat ovat kovilla ja kaipaavat kipe\u00e4sti lis\u00e4tukea.<\/p>\n\n\n\n<p>Suomessa oli vuoden 2019 lopussa&nbsp;70 vuotta t\u00e4ytt\u00e4neit\u00e4 henkil\u00f6it\u00e4&nbsp;874 314. Heist\u00e4 ymp\u00e4rivuorokautisessa hoidossa on noin 40&nbsp;000&nbsp;ja kotihoidon piiriss\u00e4 noin 52 000 ihmist\u00e4. Merkitt\u00e4v\u00e4 osa senioreista asuu yksin. Koronaepidemia on entisest\u00e4\u00e4n lis\u00e4nnyt uudenlaisten avun ja tuen muotojen merkityst\u00e4.<\/p>\n\n\n\n<p>Kokoomus on esitt\u00e4nyt jo syksyll\u00e4 2019 vaihtoehtobudjetin yhteydess\u00e4 hallituksen tekem\u00e4n kotitalousv\u00e4hennyksen leikkauksen perumista ja&nbsp;<a href=\"https:\/\/media.sitra.fi\/2017\/02\/27174820\/Selvityksia95-2.pdf\" target=\"_blank\" rel=\"noreferrer noopener\">Sitran mallin<\/a>&nbsp;mukaisesti yli 75-vuotiaille uutta, nykyist\u00e4 parempaa kotitalousv\u00e4hennyst\u00e4. Senioreiden superkotitalousmallissa verov\u00e4hennysoikeutta kasvatettaisiin 70 prosenttiin. Nykyinen 100 euron omavastuu poistettaisiin. Lis\u00e4ksi palvelujen ostoon annettaisiin enint\u00e4\u00e4n 1 200 euroa vuodessa tukea niille, joiden verot eiv\u00e4t riit\u00e4 v\u00e4hennyksen tekemiseen. Kotitalousv\u00e4hennys olisi pienituloisille suoran tuen ja verohuojennuksen yhdistelm\u00e4. Mallista voisivat hy\u00f6ty\u00e4 kaikkia yli 75-vuotiaat, my\u00f6s pienituloiset el\u00e4kel\u00e4iset, joiden el\u00e4kkeest\u00e4 maksamat verot eiv\u00e4t ole aiemmin riitt\u00e4neet v\u00e4hennyksen tekemiseen.&nbsp;Malli on Sitran arvion mukaan sis\u00e4isesti kustannusneutraali.<\/p>\n\n\n\n<p>\u201dOn vakava tosia-asia, ett\u00e4&nbsp;hallitus on omilla toimillaan heikent\u00e4nyt kotihoidon kiper\u00e4\u00e4 tilannetta. Lakis\u00e4\u00e4teisen hoitajamitoituksen s\u00e4\u00e4t\u00e4minen pelk\u00e4st\u00e4\u00e4n ymp\u00e4rivuorokautiseen hoivaan ajaa kotihoitoa entisest\u00e4\u00e4n suurempaan ahdinkoon ja hoitajapulaan. Hallituksen leikkaus kotitalousv\u00e4hennykseen vaikeutti senioreiden mahdollisuuksia hankkia tarvitsemiaan palveluja.&nbsp;&nbsp;Kotitalousv\u00e4hennyksen k\u00e4ytt\u00e4jist\u00e4&nbsp;l\u00e4hes puolet on&nbsp;el\u00e4kel\u00e4isi\u00e4. Tukea kotona asumiseen on lis\u00e4tt\u00e4v\u00e4, eik\u00e4 v\u00e4hennett\u00e4v\u00e4\u201d, vaatii Sarkomaa.<\/p>\n\n\n\n<p>Lis\u00e4tiedot:<\/p>\n\n\n\n<p>Sari Sarkomaa, p.&nbsp;<a rel=\"noreferrer noopener\" href=\"tel:050%20511%203033\" target=\"_blank\">050 511 3033<\/a><\/p>\n\n\n\n<p>Sari Sarkomaa<\/p>\n\n\n\n<p>Kansanedustaja<\/p>\n\n\n\n<p>Kokoomuksen eduskuntaryhm\u00e4n varapuheenjohtaja<\/p>\n\n\n\n<p><\/p>\n","protected":false},"excerpt":{"rendered":"<p>Tiedote 30.1.21 Julkaisuvapaa heti&nbsp; Kokoomuksen kansanedustaja ja eduskuntaryhm\u00e4n varapuheenjohtaja&nbsp;Sari Sarkomaa&nbsp;vetoaa, ett\u00e4 hallitus voittaisi vastenmielisyytens\u00e4 kotitalousv\u00e4hennyst\u00e4 kohtaan ja ottaisi kotitalousv\u00e4hennyksen kehitt\u00e4misen&nbsp;osaksi toimia, joilla palveluja parannetaan ik\u00e4ihmisten kotona asumisen ja omann\u00e4k\u00f6isen el\u00e4m\u00e4n mahdollistamiseksi. &nbsp; \u201dP\u00e4\u00e4ministeri Marin ei viime torstaina A-talkissa n\u00e4hnyt tarvetta kotitalousv\u00e4hennyksen kehitt\u00e4miselle. Marin n\u00e4ytti asettavan kunnallisen kotihoidon ja kotitalousv\u00e4hennyksen vastakkain. P\u00e4\u00e4ministerin puheet her\u00e4ttiv\u00e4t huolen, ettei <a href=\"https:\/\/www.sarisarkomaa.fi\/?p=9250\" class=\"more-link\">...jatka lukemista<span class=\"screen-reader-text\"> \"Kokoomuksen Sarkomaa: Ik\u00e4ihmisten palveluiden j\u00e4rjest\u00e4misess\u00e4 tarvitaan my\u00f6s superkotitalousv\u00e4hennyst\u00e4\ufeff\"<\/span><\/a><\/p>\n","protected":false},"author":1,"featured_media":0,"comment_status":"closed","ping_status":"open","sticky":true,"template":"","format":"standard","meta":[],"categories":[4],"tags":[],"_links":{"self":[{"href":"https:\/\/www.sarisarkomaa.fi\/index.php?rest_route=\/wp\/v2\/posts\/9250"}],"collection":[{"href":"https:\/\/www.sarisarkomaa.fi\/index.php?rest_route=\/wp\/v2\/posts"}],"about":[{"href":"https:\/\/www.sarisarkomaa.fi\/index.php?rest_route=\/wp\/v2\/types\/post"}],"author":[{"embeddable":true,"href":"https:\/\/www.sarisarkomaa.fi\/index.php?rest_route=\/wp\/v2\/users\/1"}],"replies":[{"embeddable":true,"href":"https:\/\/www.sarisarkomaa.fi\/index.php?rest_route=%2Fwp%2Fv2%2Fcomments&post=9250"}],"version-history":[{"count":3,"href":"https:\/\/www.sarisarkomaa.fi\/index.php?rest_route=\/wp\/v2\/posts\/9250\/revisions"}],"predecessor-version":[{"id":9253,"href":"https:\/\/www.sarisarkomaa.fi\/index.php?rest_route=\/wp\/v2\/posts\/9250\/revisions\/9253"}],"wp:attachment":[{"href":"https:\/\/www.sarisarkomaa.fi\/index.php?rest_route=%2Fwp%2Fv2%2Fmedia&parent=9250"}],"wp:term":[{"taxonomy":"category","embeddable":true,"href":"https:\/\/www.sarisarkomaa.fi\/index.php?rest_route=%2Fwp%2Fv2%2Fcategories&post=9250"},{"taxonomy":"post_tag","embeddable":true,"href":"https:\/\/www.sarisarkomaa.fi\/index.php?rest_route=%2Fwp%2Fv2%2Ftags&post=9250"}],"curies":[{"name":"wp","href":"https:\/\/api.w.org\/{rel}","templated":true}]}}