{"id":9262,"date":"2021-02-01T16:26:39","date_gmt":"2021-02-01T14:26:39","guid":{"rendered":"https:\/\/www.sarisarkomaa.fi\/?p=9262"},"modified":"2021-02-01T16:27:27","modified_gmt":"2021-02-01T14:27:27","slug":"kokoomuksen-sarkomaa-hallitus-jarruttanut-ja-pantannut-liian-pitkaan-ratkaisuaan-mielenterveyden-kriisiin-kertokaa-rehellisesti-terapiatakuun-kohtalo%ef%bb%bf","status":"publish","type":"post","link":"https:\/\/www.sarisarkomaa.fi\/?p=9262","title":{"rendered":"Kokoomuksen Sarkomaa: Hallitus jarruttanut ja pantannut liian pitk\u00e4\u00e4n ratkaisuaan mielenterveyden kriisiin \u2013 \u201dKertokaa rehellisesti Terapiatakuun kohtalo\u201d\ufeff"},"content":{"rendered":"\n<p>TIEDOTE 1.2.2021<\/p>\n\n\n\n<p>JULKAISUVAPAA HETI <\/p>\n\n\n\n<p><strong>Kokoomuksen Sarkomaa:\nHallitus jarruttanut ja pantannut liian pitk\u00e4\u00e4n ratkaisuaan mielenterveyden\nkriisiin \u2013 \u201dKertokaa rehellisesti Terapiatakuun kohtalo\u201d<\/strong><\/p>\n\n\n\n<p>Kokoomuksen eduskuntaryhm\u00e4n varapuheenjohtaja Sari Sarkomaa\npit\u00e4\u00e4 siet\u00e4m\u00e4tt\u00f6m\u00e4n\u00e4 sit\u00e4, ett\u00e4 hallitus v\u00e4istelee ja lykk\u00e4\u00e4 ratkaisuja\nTerapiatakuusta. Nykyiset hallituspuolueet lupasivat tukensa\nkansalaisaloitteelle Terapiatakuusta jo ennen eduskuntavaaleja 2019. Sarkomaan\nmielest\u00e4 n\u00e4ytt\u00e4\u00e4 silt\u00e4, ett\u00e4 vaalilupaukset on painettu villaisella.\nKansalaisaloitteen k\u00e4sittely pys\u00e4ytettiin valiokunnassa hallituspuolueiden\ntoimesta jo l\u00e4hes vuosi sitten. <\/p>\n\n\n\n<p>\u201dPuheiden ja tekojen ristiriita on ilmeinen. Jos\nhallituspuolueilla olisi tahtoa edist\u00e4\u00e4 Terapiatakuuta, olisimme tehneet\np\u00e4\u00e4t\u00f6ksen eduskunnassa jo aikaa sitten. Sen sijaan, lyhyen\nasiantuntijakuulemisen j\u00e4lkeen hallituspuolueet keskeyttiv\u00e4t asian k\u00e4sittelyn\nsosiaali- ja terveysvaliokunnassa viime vuoden maaliskuussa. Kokoomuksen\nvaatimuksista huolimatta kansalaisaloitteen k\u00e4sittely ei ole jatkettu.\nMielest\u00e4ni ihmiset ansaitsevat kuulla totuuden\u201d, Sarkomaa sanoo.<\/p>\n\n\n\n<p>Ministeri Kiuru on sanonut, ett\u00e4 mielenterveyspalveluiden\nsaatavuutta ratkotaan osana hoitotakuun tiukennusta. Hoitotakuuta koskeva laki\npiti alun perin antaa eduskunnalle jo joulukuussa 2019, mutta sit\u00e4 on lyk\u00e4tty\ntoistuvasti. Viime syksyn\u00e4 hallitus kertoi, ett\u00e4 hallitusohjelmaan kirjattu\nperusterveydenhuollon hoitotakuu \u201dtoteutetaan osana tuottavuuskokonaisuutta\nsek\u00e4 EU:n elpymisrahaa\u201d.<\/p>\n\n\n\n<p>\u201dPysyv\u00e4n hoitotakuun kiristyksen ja terapiatakuun\ntoteuttaminen m\u00e4\u00e4r\u00e4aikaisella t\u00e4ysin keskener\u00e4isell\u00e4 ja vasta valmistelussa\nolevan elpymisv\u00e4lineen rahoituksella, kuulostaa kerrassaan uskomattomalta ja\nmahdotonta se onkin. T\u00e4m\u00e4 tarkoittanee sit\u00e4, ett\u00e4 hoitotakuun ja terapiatakuun\ntoteuttaminen sek\u00e4 pysyv\u00e4n rahoituksen ratkaiseminen lyk\u00e4t\u00e4\u00e4n&nbsp; k\u00e4yt\u00e4nn\u00f6ss\u00e4\nseuraavalle hallitukselle\u201d, Sarkomaa kysyy.<\/p>\n\n\n\n<p>\u201dHallituksen vitkuttelu mielenterveyspalveluiden\nparantamiseksi on huolestuttavaa. Mielenterveyden ongelmat ovat suurin\nkansansairautemme ja ty\u00f6kyvytt\u00f6myysel\u00e4kkeit\u00e4 aiheuttava syy mutta t\u00e4ysin\naliresurssoitu. P\u00e4\u00e4t\u00f6ksi\u00e4 hoitoon p\u00e4\u00e4syn nopeuttamisesta sek\u00e4 vaikuttavien,\nn\u00e4ytt\u00f6\u00f6n perustuvien psykososiaalisten hoitomuotojen k\u00e4ytt\u00f6\u00f6notosta\nperusterveydenhuollossa tarvitaan pikaisesti\u201d, Sarkomaa sanoo.<\/p>\n\n\n\n<p>Koronan my\u00f6t\u00e4 mielenterveyspalveluihin p\u00e4\u00e4sy on heikentynyt\nsamaan aikaan kun palveluiden tarve on lis\u00e4\u00e4ntynyt. Asiantuntija-arvion mukaan\nkev\u00e4\u00e4ll\u00e4 voi olla edess\u00e4 mielenterveyspommi. My\u00f6s YK on kehottanut maailman\nvaltioita varautumaan mielenterveyskriisiin koronan aikana ja sen j\u00e4lkeen.<\/p>\n\n\n\n<p>\u201dVetoan, ett\u00e4 hallituspuolueet ottaisivat jalan pois\njarrulta. Terapiatakuu on juuri nyt ajankohtainen. Sill\u00e4 vastattaisiin ihmisten\nh\u00e4t\u00e4\u00e4n koronakriisin keskell\u00e4, mahdollistettaisiin yhdenvertainen\nmielenterveyspalveluihin p\u00e4\u00e4sy ja tuettaisiin ty\u00f6llisyyden vahvistamista.\nKokoomus esitti Terapiatakuun toteuttamista ja osoitti siihen tarvittavan 35\nmilj. euron rahoituksen vaihtoehtobudjetissaan syksyll\u00e4\u201d, Sarkomaa sanoo.<\/p>\n\n\n\n<p>\u201dHallituspuolueilta on t\u00e4ysin oikeutettua kysy\u00e4: oletteko\ntekem\u00e4ss\u00e4 Terapiatakuusta totta vai j\u00e4\u00e4k\u00f6 se vain petetyksi vaalilupaukseksi?\nSarkomaa sanoo.<\/p>\n\n\n\n<p>Lis\u00e4tietoja:<\/p>\n\n\n\n<p>Sari Sarkomaa, 050 511 3033<\/p>\n","protected":false},"excerpt":{"rendered":"<p>TIEDOTE 1.2.2021 JULKAISUVAPAA HETI Kokoomuksen Sarkomaa: Hallitus jarruttanut ja pantannut liian pitk\u00e4\u00e4n ratkaisuaan mielenterveyden kriisiin \u2013 \u201dKertokaa rehellisesti Terapiatakuun kohtalo\u201d Kokoomuksen eduskuntaryhm\u00e4n varapuheenjohtaja Sari Sarkomaa pit\u00e4\u00e4 siet\u00e4m\u00e4tt\u00f6m\u00e4n\u00e4 sit\u00e4, ett\u00e4 hallitus v\u00e4istelee ja lykk\u00e4\u00e4 ratkaisuja Terapiatakuusta. Nykyiset hallituspuolueet lupasivat tukensa kansalaisaloitteelle Terapiatakuusta jo ennen eduskuntavaaleja 2019. Sarkomaan mielest\u00e4 n\u00e4ytt\u00e4\u00e4 silt\u00e4, ett\u00e4 vaalilupaukset on painettu villaisella. Kansalaisaloitteen <a href=\"https:\/\/www.sarisarkomaa.fi\/?p=9262\" class=\"more-link\">...jatka lukemista<span class=\"screen-reader-text\"> \"Kokoomuksen Sarkomaa: Hallitus jarruttanut ja pantannut liian pitk\u00e4\u00e4n ratkaisuaan mielenterveyden kriisiin \u2013 \u201dKertokaa rehellisesti Terapiatakuun kohtalo\u201d\ufeff\"<\/span><\/a><\/p>\n","protected":false},"author":1,"featured_media":0,"comment_status":"closed","ping_status":"open","sticky":false,"template":"","format":"standard","meta":[],"categories":[4],"tags":[],"_links":{"self":[{"href":"https:\/\/www.sarisarkomaa.fi\/index.php?rest_route=\/wp\/v2\/posts\/9262"}],"collection":[{"href":"https:\/\/www.sarisarkomaa.fi\/index.php?rest_route=\/wp\/v2\/posts"}],"about":[{"href":"https:\/\/www.sarisarkomaa.fi\/index.php?rest_route=\/wp\/v2\/types\/post"}],"author":[{"embeddable":true,"href":"https:\/\/www.sarisarkomaa.fi\/index.php?rest_route=\/wp\/v2\/users\/1"}],"replies":[{"embeddable":true,"href":"https:\/\/www.sarisarkomaa.fi\/index.php?rest_route=%2Fwp%2Fv2%2Fcomments&post=9262"}],"version-history":[{"count":2,"href":"https:\/\/www.sarisarkomaa.fi\/index.php?rest_route=\/wp\/v2\/posts\/9262\/revisions"}],"predecessor-version":[{"id":9264,"href":"https:\/\/www.sarisarkomaa.fi\/index.php?rest_route=\/wp\/v2\/posts\/9262\/revisions\/9264"}],"wp:attachment":[{"href":"https:\/\/www.sarisarkomaa.fi\/index.php?rest_route=%2Fwp%2Fv2%2Fmedia&parent=9262"}],"wp:term":[{"taxonomy":"category","embeddable":true,"href":"https:\/\/www.sarisarkomaa.fi\/index.php?rest_route=%2Fwp%2Fv2%2Fcategories&post=9262"},{"taxonomy":"post_tag","embeddable":true,"href":"https:\/\/www.sarisarkomaa.fi\/index.php?rest_route=%2Fwp%2Fv2%2Ftags&post=9262"}],"curies":[{"name":"wp","href":"https:\/\/api.w.org\/{rel}","templated":true}]}}