{"id":9272,"date":"2021-02-02T10:21:35","date_gmt":"2021-02-02T08:21:35","guid":{"rendered":"https:\/\/www.sarisarkomaa.fi\/?p=9272"},"modified":"2021-02-02T10:21:37","modified_gmt":"2021-02-02T08:21:37","slug":"muistiliiton-kansanedustajat-muistisairaiden-perus-ja-ihmisoikeuksien-toteutuminen-vaatii-edelleen-tyota","status":"publish","type":"post","link":"https:\/\/www.sarisarkomaa.fi\/?p=9272","title":{"rendered":"Muistiliiton kansanedustajat: Muistisairaiden perus- ja ihmisoikeuksien toteutuminen vaatii edelleen ty\u00f6t\u00e4"},"content":{"rendered":"\n<p>TIEDOTE 2.2.2021<\/p>\n\n\n\n<p>Ihmisoikeusvaltuuskunnan tuoreen raportin mukaan\nkoronaviruspandemian torjumiseksi oli viime kev\u00e4\u00e4ll\u00e4 ryhdytt\u00e4v\u00e4 nopeasti moniin\ntoimenpiteisiin, mutta kiireess\u00e4 ne eiv\u00e4t kuitenkaan aina perustuneet lakiin ja\nmenettelylliset oikeudet usein unohtuivat.<\/p>\n\n\n\n<p>\u201dOn hienoa, ett\u00e4 valtuuskunta sanoo asian nyt selke\u00e4sti. On\nt\u00e4rke\u00e4\u00e4, ett\u00e4 opiksi otetaan, jotta jatkossa v\u00e4ltytt\u00e4isiin vastaavilta\nihmisoikeuksien rikkomuksilta. Turvallisuuden takaamisessa eli t\u00e4ss\u00e4\ntapauksessa viruksen torjumisessa on kyett\u00e4v\u00e4 ottamaan huomioon, inhimillisyys\nja ihmisoikeudet\u201d sanovat kansanedustajat ja Muistiliiton puheenjohtajisto\nMerja M\u00e4kisalo-Ropponen, Sari Sarkomaa ja Pasi Kivisaari.<\/p>\n\n\n\n<p>Raportin mukaan viime kev\u00e4\u00e4ll\u00e4 oikeuksien toteutumisessa oli ongelmia,\njotka joutuivat esimerkiksi palvelutaloihin asetetuista yleisist\u00e4\nvierailukielloista. Palvelutaloihin tai sosiaalihuollon yksik\u00f6ihin ei\nihmisoikeusvaltuutetun mukaan saa asettaa esimerkiksi yleisi\u00e4 vierailukieltoja\ntai liikkumisrajoituksia. Rajoitusten on aina perustuttava lain nojalla\nannettuun yksil\u00f6lliseen p\u00e4\u00e4t\u00f6kseen. Asiakkaan ja omaisen kanssa pit\u00e4\u00e4 sopia\nmenettelytavoista, joilla vierailuja voidaan toteuttaa aiheuttamatta\ntartuntavaaraa. T\u00e4m\u00e4 on t\u00e4rke\u00e4 ottaa kunnissa v\u00e4litt\u00f6m\u00e4sti huomioon siten,\nettei kategorisesti en\u00e4\u00e4 tehd\u00e4 p\u00e4\u00e4t\u00f6ksi\u00e4, jotka est\u00e4v\u00e4t esimerkiksi\nmuistisairaita tapaamasta l\u00e4heisi\u00e4\u00e4n.<\/p>\n\n\n\n<p>Toinen t\u00e4rke\u00e4 valvottava asia on nyt valmistelussa oleva\nvammaispalvelulain uudistus. Siin\u00e4 on nykyist\u00e4 selke\u00e4mmin sanottava, ett\u00e4\nvammaispalvelut kuuluvat my\u00f6s muistisairaille. T\u00e4ll\u00e4 hetkell\u00e4 monin paikoin\nmuistisairaille ei n\u00e4it\u00e4 palveluja my\u00f6nnet\u00e4. Vammaispalvelulain uudistuksen\nperustana on YK:n vammaisyleissopimus.<\/p>\n\n\n\n<p>\u201dEsimerkiksi Eduskunnan oikeusasiamies muistuttaa vuosittaisessa\nraportissaan, ett\u00e4 vammaisyleissopimus sis\u00e4lt\u00e4\u00e4 laaja-alaisen vammaisuuden\nm\u00e4\u00e4rittelyn, jonka turvin voidaan mahdollisimman hyvin varmistaa eri tavoin\nvammaisten ihmisten oikeudet ja yhdenvertaisuus. Esimerkiksi muistisairaat\nhenkil\u00f6t ja psykiatriset potilaat kuuluvat siten sopimuksen soveltamisalaan.\nNyt kunnissa ja alueilla on otettava vakavasti t\u00e4m\u00e4 oikeusasiamiehen viesti\u201d\nkansanedustajat muistuttavat.<\/p>\n\n\n\n<p>Lis\u00e4tietoja:<\/p>\n\n\n\n<p>Merja M\u00e4kisalo-Ropponen, puh. 050 357 9090<\/p>\n\n\n\n<p>Muistiliiton puheenjohtaja, kansanedustaja (sd)<\/p>\n\n\n\n<p>Sari Sarkomaa, puh. 050 511 3033<\/p>\n\n\n\n<p>Muistiliiton 1. varapuheenjohtaja, kansanedustaja (kok)<\/p>\n\n\n\n<p>Pasi Kivisaari, puh. 050 347 9334<\/p>\n\n\n\n<p>Muistiliiton 2. varapuheenjohtaja kansanedustaja (kesk.)<\/p>\n","protected":false},"excerpt":{"rendered":"<p>TIEDOTE 2.2.2021 Ihmisoikeusvaltuuskunnan tuoreen raportin mukaan koronaviruspandemian torjumiseksi oli viime kev\u00e4\u00e4ll\u00e4 ryhdytt\u00e4v\u00e4 nopeasti moniin toimenpiteisiin, mutta kiireess\u00e4 ne eiv\u00e4t kuitenkaan aina perustuneet lakiin ja menettelylliset oikeudet usein unohtuivat. \u201dOn hienoa, ett\u00e4 valtuuskunta sanoo asian nyt selke\u00e4sti. On t\u00e4rke\u00e4\u00e4, ett\u00e4 opiksi otetaan, jotta jatkossa v\u00e4ltytt\u00e4isiin vastaavilta ihmisoikeuksien rikkomuksilta. Turvallisuuden takaamisessa eli t\u00e4ss\u00e4 tapauksessa viruksen torjumisessa on <a href=\"https:\/\/www.sarisarkomaa.fi\/?p=9272\" class=\"more-link\">...jatka lukemista<span class=\"screen-reader-text\"> \"Muistiliiton kansanedustajat: Muistisairaiden perus- ja ihmisoikeuksien toteutuminen vaatii edelleen ty\u00f6t\u00e4\"<\/span><\/a><\/p>\n","protected":false},"author":1,"featured_media":0,"comment_status":"closed","ping_status":"open","sticky":false,"template":"","format":"standard","meta":[],"categories":[4],"tags":[],"_links":{"self":[{"href":"https:\/\/www.sarisarkomaa.fi\/index.php?rest_route=\/wp\/v2\/posts\/9272"}],"collection":[{"href":"https:\/\/www.sarisarkomaa.fi\/index.php?rest_route=\/wp\/v2\/posts"}],"about":[{"href":"https:\/\/www.sarisarkomaa.fi\/index.php?rest_route=\/wp\/v2\/types\/post"}],"author":[{"embeddable":true,"href":"https:\/\/www.sarisarkomaa.fi\/index.php?rest_route=\/wp\/v2\/users\/1"}],"replies":[{"embeddable":true,"href":"https:\/\/www.sarisarkomaa.fi\/index.php?rest_route=%2Fwp%2Fv2%2Fcomments&post=9272"}],"version-history":[{"count":1,"href":"https:\/\/www.sarisarkomaa.fi\/index.php?rest_route=\/wp\/v2\/posts\/9272\/revisions"}],"predecessor-version":[{"id":9273,"href":"https:\/\/www.sarisarkomaa.fi\/index.php?rest_route=\/wp\/v2\/posts\/9272\/revisions\/9273"}],"wp:attachment":[{"href":"https:\/\/www.sarisarkomaa.fi\/index.php?rest_route=%2Fwp%2Fv2%2Fmedia&parent=9272"}],"wp:term":[{"taxonomy":"category","embeddable":true,"href":"https:\/\/www.sarisarkomaa.fi\/index.php?rest_route=%2Fwp%2Fv2%2Fcategories&post=9272"},{"taxonomy":"post_tag","embeddable":true,"href":"https:\/\/www.sarisarkomaa.fi\/index.php?rest_route=%2Fwp%2Fv2%2Ftags&post=9272"}],"curies":[{"name":"wp","href":"https:\/\/api.w.org\/{rel}","templated":true}]}}