{"id":9291,"date":"2021-02-03T09:47:48","date_gmt":"2021-02-03T07:47:48","guid":{"rendered":"https:\/\/www.sarisarkomaa.fi\/?p=9291"},"modified":"2021-02-03T09:51:57","modified_gmt":"2021-02-03T07:51:57","slug":"sarkomaa-jatkaa-kokoomuksen-eduskuntaryhman-ensimmaisena-varapuheenjohtajana","status":"publish","type":"post","link":"https:\/\/www.sarisarkomaa.fi\/?p=9291","title":{"rendered":"Sarkomaa jatkaa kokoomuksen eduskuntaryhm\u00e4n ensimm\u00e4isen\u00e4 varapuheenjohtajana"},"content":{"rendered":"\n<p> Tiedote 2.2.2021<\/p>\n\n\n\n<p><\/p>\n\n\n\n<p>Helsinkil\u00e4inen kansanedustaja Sari Sarkomaa jatkaa kokoomuksen eduskuntaryhm\u00e4n ensimm\u00e4isen\u00e4 varapuheenjohtajana.<br>Sarkomaa on ollut koko kuluvan vaalikauden ryhm\u00e4ns\u00e4 puheenjohtajistossa. Espoolainen Kai Mykk\u00e4nen jatkaa kokoomuksen eduskuntaryhm\u00e4n puheenjohtajana.<\/p>\n\n\n\n<p>Eduskuntaryhm\u00e4n varapuheenjohtajina jatkavat Sarkomaan lis\u00e4ksi Jukka Kopra Lappeenrannasta ja Mari-Leena Talvitie Oulusta. Valinnat teki puolueen eduskuntaryhm\u00e4 yksimielisesti j\u00e4rjest\u00e4ytymiskokouksessaan.<\/p>\n\n\n\n<p>Eduskunta palasi eilen tiistaina istuntotauolta takaisin t\u00f6ihins\u00e4. T\u00e4n\u00e4\u00e4n keskiviikkona tasavallan presidentti Sauli Niinist\u00f6 avaa valtiop\u00e4iv\u00e4t.<\/p>\n\n\n\n<p>Sarkomaan mukaan alkavalla istuntokaudella hallituksen on kaivettava esiin vaikuttava kaupunkipolitiikka. Koronaepidemia on runnellut rajuimmin Helsinki\u00e4 ja p\u00e4\u00e4kaupunkiseutua. Eduskunnan on huolehdittava toimista, joilla mahdollistetaan ihmisten ja yritysten sek\u00e4 koko maan kasvun veturin selvi\u00e4minen kest\u00e4v\u00e4sti yli koronaepidemian niin, ett\u00e4 Helsinki\u00e4 p\u00e4\u00e4st\u00e4\u00e4n ripe\u00e4sti uudelleenrakentamaan.<\/p>\n\n\n\n<p>Sarkomaa pit\u00e4\u00e4 hallituksen maakuntamalliin pohjautuvaa sote-esityst\u00e4 vakavana uhkana Helsingin taloudelle ja ihmisten palveluille. Esitys leikkaisi rajusti niin helsinkil\u00e4isten sote-palveluihin tulevaa rahaa kuin Helsingin kuntaveroistaan saamaa eurom\u00e4\u00e4r\u00e4\u00e4. T\u00e4m\u00e4 s\u00f6isi p\u00e4\u00e4kaupungin elinvoimaa ja voimavaroja muista kaupungin palveluista. Sarkomaan mukaan uusinta sote-esityst\u00e4 eiv\u00e4t voi ainakaan helsinkil\u00e4iset mill\u00e4\u00e4n perusteella kannattaa. Uuden hallinnon ja verorasitusta nostavan maakuntaveron sijaan Sarkomaan mukaan helsinkil\u00e4isten veroeurot on laitettava siihen, ett\u00e4&nbsp;palveluita saa ajoissa ja helsinkil\u00e4iset saavat vastinetta verorahoilleen.<\/p>\n\n\n\n<p>Sarkomaa johtaa my\u00f6s eduskunnassa toimivaa Helsingin ja Uudenmaan kansanedustajien neuvottelukuntaa.<\/p>\n\n\n\n<p>Lis\u00e4tietoja: Sari Sarkomaa, 050 511 3033 <\/p>\n","protected":false},"excerpt":{"rendered":"<p>Tiedote 2.2.2021 Helsinkil\u00e4inen kansanedustaja Sari Sarkomaa jatkaa kokoomuksen eduskuntaryhm\u00e4n ensimm\u00e4isen\u00e4 varapuheenjohtajana.Sarkomaa on ollut koko kuluvan vaalikauden ryhm\u00e4ns\u00e4 puheenjohtajistossa. Espoolainen Kai Mykk\u00e4nen jatkaa kokoomuksen eduskuntaryhm\u00e4n puheenjohtajana. Eduskuntaryhm\u00e4n varapuheenjohtajina jatkavat Sarkomaan lis\u00e4ksi Jukka Kopra Lappeenrannasta ja Mari-Leena Talvitie Oulusta. Valinnat teki puolueen eduskuntaryhm\u00e4 yksimielisesti j\u00e4rjest\u00e4ytymiskokouksessaan. Eduskunta palasi eilen tiistaina istuntotauolta takaisin t\u00f6ihins\u00e4. T\u00e4n\u00e4\u00e4n keskiviikkona tasavallan presidentti Sauli <a href=\"https:\/\/www.sarisarkomaa.fi\/?p=9291\" class=\"more-link\">...jatka lukemista<span class=\"screen-reader-text\"> \"Sarkomaa jatkaa kokoomuksen eduskuntaryhm\u00e4n ensimm\u00e4isen\u00e4 varapuheenjohtajana\"<\/span><\/a><\/p>\n","protected":false},"author":1,"featured_media":0,"comment_status":"closed","ping_status":"open","sticky":false,"template":"","format":"standard","meta":[],"categories":[4],"tags":[],"_links":{"self":[{"href":"https:\/\/www.sarisarkomaa.fi\/index.php?rest_route=\/wp\/v2\/posts\/9291"}],"collection":[{"href":"https:\/\/www.sarisarkomaa.fi\/index.php?rest_route=\/wp\/v2\/posts"}],"about":[{"href":"https:\/\/www.sarisarkomaa.fi\/index.php?rest_route=\/wp\/v2\/types\/post"}],"author":[{"embeddable":true,"href":"https:\/\/www.sarisarkomaa.fi\/index.php?rest_route=\/wp\/v2\/users\/1"}],"replies":[{"embeddable":true,"href":"https:\/\/www.sarisarkomaa.fi\/index.php?rest_route=%2Fwp%2Fv2%2Fcomments&post=9291"}],"version-history":[{"count":2,"href":"https:\/\/www.sarisarkomaa.fi\/index.php?rest_route=\/wp\/v2\/posts\/9291\/revisions"}],"predecessor-version":[{"id":9295,"href":"https:\/\/www.sarisarkomaa.fi\/index.php?rest_route=\/wp\/v2\/posts\/9291\/revisions\/9295"}],"wp:attachment":[{"href":"https:\/\/www.sarisarkomaa.fi\/index.php?rest_route=%2Fwp%2Fv2%2Fmedia&parent=9291"}],"wp:term":[{"taxonomy":"category","embeddable":true,"href":"https:\/\/www.sarisarkomaa.fi\/index.php?rest_route=%2Fwp%2Fv2%2Fcategories&post=9291"},{"taxonomy":"post_tag","embeddable":true,"href":"https:\/\/www.sarisarkomaa.fi\/index.php?rest_route=%2Fwp%2Fv2%2Ftags&post=9291"}],"curies":[{"name":"wp","href":"https:\/\/api.w.org\/{rel}","templated":true}]}}