{"id":9906,"date":"2021-02-12T08:20:56","date_gmt":"2021-02-12T06:20:56","guid":{"rendered":"https:\/\/www.sarisarkomaa.fi\/?p=9906"},"modified":"2021-02-12T08:52:57","modified_gmt":"2021-02-12T06:52:57","slug":"miksi-paaministeri-marin-hyvaksyy-hallituksensa-vanhusten-kotihoitoa-heikentavat-toimet","status":"publish","type":"post","link":"https:\/\/www.sarisarkomaa.fi\/?p=9906","title":{"rendered":"Miksi p\u00e4\u00e4ministeri Marin hyv\u00e4ksyy hallituksensa vanhusten kotihoitoa heikent\u00e4v\u00e4t toimet?"},"content":{"rendered":"\n<p><\/p>\n\n\n\n<p>On mahdotonta ymm\u00e4rt\u00e4\u00e4, miksi p\u00e4\u00e4ministeri Marin hyv\u00e4ksyy hallituksensa vanhusten kotihoitoa heikent\u00e4v\u00e4t toimet? T\u00e4m\u00e4 on t\u00e4ysin p\u00e4invastaista mit\u00e4 hallitusohjelmassa on sovittu ja luvattu.<\/p>\n\n\n\n<p>Tuoreet uutiset kertovat karua kielt\u00e4 vanhusten kotihoidon heikentyneest\u00e4 tilanteesta. Olen huolissani siit\u00e4, ett\u00e4 yh\u00e4 useampi vanhus j\u00e4\u00e4 yksin ilman apua. Vaalikausi on puolessa v\u00e4liss\u00e4 eik\u00e4 luvattuja toimia ole tehty. Hallitus ei my\u00f6sk\u00e4\u00e4n mittavasta rahojen k\u00e4yt\u00f6st\u00e4 huolimatta ole varannut budjettikehykseens\u00e4 m\u00e4\u00e4r\u00e4rahoja kotihoidon merkitt\u00e4viin parannuksiin.&nbsp;<\/p>\n\n\n\n<p>Kotihoidossa olevat vanhukset ovat yh\u00e4 i\u00e4kk\u00e4\u00e4mpi\u00e4 ja usein muistisairaita. Monet arvokasta ty\u00f6t\u00e4 tekev\u00e4t hoitajat ja omaishoitajat ovat ylikuormitettuja. Koronaepidemia on lis\u00e4nnyt entisest\u00e4\u00e4n uudenlaista avun tarvetta ja yksin\u00e4isyytt\u00e4.<\/p>\n\n\n\n<p>On vakavaa, ett\u00e4 hallitus on omilla toimillaan heikent\u00e4nyt kotihoidon tilannetta. Hoitajamitoituksessa hallitus k\u00e4\u00e4nsi rumasti sel\u00e4n kotihoidon vanhuksille ja syvensi kotihoidon ahdinkoa entisest\u00e4\u00e4n. Sitovan mitoituksen s\u00e4\u00e4t\u00e4minen pelk\u00e4st\u00e4\u00e4n ymp\u00e4rivuorokautiseen hoivaan heikent\u00e4\u00e4 kotihoidon tilannetta. T\u00e4m\u00e4 vakava varoitus oli hallituksen omassa lakiesityksess\u00e4 ja l\u00e4hes kaikkien asiantuntijoiden lausunnoissa. T\u00e4st\u00e4 piittaamatta toimet kotihoidon vaikean tilanteen helpottamiseksi ovat j\u00e4\u00e4neet tekem\u00e4tt\u00e4. Kokoomus on edellytt\u00e4nyt kaikkien ik\u00e4ihmisten palveluiden parantamista ja kokonaisuudistusta vanhuspalvelulakiin. Uudistuksen valmistelu aloitettiin viime eduskuntakaudella mutta esityst\u00e4 ei viel\u00e4 n\u00e4y eik\u00e4 kuulu.<\/p>\n\n\n\n<p>Lis\u00e4ksi hallitus leikkasi kotitalousv\u00e4hennyst\u00e4, joka osui kipe\u00e4sti senioreihin ja vaikeutti mahdollisuuksia hankkia v\u00e4ltt\u00e4m\u00e4t\u00f6nt\u00e4 apua. Suureksi vahingoksi hallitus lakkautti valtakunnallisen Muistiohjelman, jonka tarkoitus on ollut kehitt\u00e4\u00e4 muistisairaille ja heid\u00e4n perheilleen apua ja tukea.<\/p>\n\n\n\n<p>Valtaosa senioreista ei ole kotihoidon piiriss\u00e4, vaan he hankkivat tarvitsevansa avun eri tavoin. Siksi tarvitaan erilaisia vaihtoehtoja. Tukea kotona asumiseen on lis\u00e4tt\u00e4v\u00e4, eik\u00e4 v\u00e4hennett\u00e4v\u00e4. Ihmisi\u00e4 ei saa j\u00e4tt\u00e4\u00e4 yksin.<\/p>\n\n\n\n<p>Kokoomus esitti kuluvaa vuotta koskevassa vaihtoehtobudjetissaan merkitt\u00e4v\u00e4\u00e4 lis\u00e4panostusta vanhusten koti- ja omaishoitoon sek\u00e4 muistisairaiden ihmisten palveluihin. Hallituspuolueet \u00e4\u00e4nestiv\u00e4t esityksemme nurin ennen joulua. Esityksemme, joka olisi merkinnyt tuhatta uutta hoitajaa kotihoitoon.<\/p>\n\n\n\n<p>Esitimme my\u00f6s senioreille korotettua superkotitalousv\u00e4hennyst\u00e4. Asiasta tekem\u00e4ni lakialoite on ollut eduskunnan k\u00e4sittelyss\u00e4.&nbsp;Senioreiden superkotitalousv\u00e4hennyksess\u00e4 &nbsp;verov\u00e4hennysoikeutta kasvatettaisiin 70 prosenttiin. Nykyinen 100 euron omavastuu poistettaisiin. Lis\u00e4ksi palvelujen ostoon annettaisiin enint\u00e4\u00e4n 1 200 euroa vuodessa tukea niille, joiden verot eiv\u00e4t riit\u00e4 v\u00e4hennyksen tekemiseen. Kotitalousv\u00e4hennys olisi pienituloisille suoran tuen ja verohuojennuksen yhdistelm\u00e4. Lue lis\u00e4\u00e4 aiheesta: <a rel=\"noreferrer noopener\" href=\"https:\/\/www.sarisarkomaa.fi\/?p=8995\" target=\"_blank\">https:\/\/www.sarisarkomaa.fi\/?p=8995<\/a><\/p>\n\n\n\n<p>Kaiken lis\u00e4ksi hallitus rakentaa maakuntauudistusta, jossa rahat kulutetaan hallintoon. N\u00e4m\u00e4 eurot tarvittaisiin kipe\u00e4sti ihmisten palveluihin ja hoitohenkil\u00f6n ty\u00f6n pito- ja vetovoiman vahvistamiseen. <\/p>\n\n\n\n<p>Sari Sarkomaa<\/p>\n\n\n\n<p>Kansanedustaja<\/p>\n\n\n\n<p>Kokoomuksen eduskuntaryhm\u00e4n varapuheenjohtaja<\/p>\n\n\n\n<p><\/p>\n","protected":false},"excerpt":{"rendered":"<p>On mahdotonta ymm\u00e4rt\u00e4\u00e4, miksi p\u00e4\u00e4ministeri Marin hyv\u00e4ksyy hallituksensa vanhusten kotihoitoa heikent\u00e4v\u00e4t toimet? T\u00e4m\u00e4 on t\u00e4ysin p\u00e4invastaista mit\u00e4 hallitusohjelmassa on sovittu ja luvattu. Tuoreet uutiset kertovat karua kielt\u00e4 vanhusten kotihoidon heikentyneest\u00e4 tilanteesta. Olen huolissani siit\u00e4, ett\u00e4 yh\u00e4 useampi vanhus j\u00e4\u00e4 yksin ilman apua. Vaalikausi on puolessa v\u00e4liss\u00e4 eik\u00e4 luvattuja toimia ole tehty. Hallitus ei my\u00f6sk\u00e4\u00e4n mittavasta <a href=\"https:\/\/www.sarisarkomaa.fi\/?p=9906\" class=\"more-link\">...jatka lukemista<span class=\"screen-reader-text\"> \"Miksi p\u00e4\u00e4ministeri Marin hyv\u00e4ksyy hallituksensa vanhusten kotihoitoa heikent\u00e4v\u00e4t toimet?\"<\/span><\/a><\/p>\n","protected":false},"author":1,"featured_media":0,"comment_status":"closed","ping_status":"open","sticky":false,"template":"","format":"standard","meta":[],"categories":[8],"tags":[],"_links":{"self":[{"href":"https:\/\/www.sarisarkomaa.fi\/index.php?rest_route=\/wp\/v2\/posts\/9906"}],"collection":[{"href":"https:\/\/www.sarisarkomaa.fi\/index.php?rest_route=\/wp\/v2\/posts"}],"about":[{"href":"https:\/\/www.sarisarkomaa.fi\/index.php?rest_route=\/wp\/v2\/types\/post"}],"author":[{"embeddable":true,"href":"https:\/\/www.sarisarkomaa.fi\/index.php?rest_route=\/wp\/v2\/users\/1"}],"replies":[{"embeddable":true,"href":"https:\/\/www.sarisarkomaa.fi\/index.php?rest_route=%2Fwp%2Fv2%2Fcomments&post=9906"}],"version-history":[{"count":4,"href":"https:\/\/www.sarisarkomaa.fi\/index.php?rest_route=\/wp\/v2\/posts\/9906\/revisions"}],"predecessor-version":[{"id":9911,"href":"https:\/\/www.sarisarkomaa.fi\/index.php?rest_route=\/wp\/v2\/posts\/9906\/revisions\/9911"}],"wp:attachment":[{"href":"https:\/\/www.sarisarkomaa.fi\/index.php?rest_route=%2Fwp%2Fv2%2Fmedia&parent=9906"}],"wp:term":[{"taxonomy":"category","embeddable":true,"href":"https:\/\/www.sarisarkomaa.fi\/index.php?rest_route=%2Fwp%2Fv2%2Fcategories&post=9906"},{"taxonomy":"post_tag","embeddable":true,"href":"https:\/\/www.sarisarkomaa.fi\/index.php?rest_route=%2Fwp%2Fv2%2Ftags&post=9906"}],"curies":[{"name":"wp","href":"https:\/\/api.w.org\/{rel}","templated":true}]}}